{"id":3105,"date":"2025-10-20T20:48:54","date_gmt":"2025-10-20T15:48:54","guid":{"rendered":"https:\/\/oupenmaind.com\/ar\/?p=3105"},"modified":"2025-10-20T20:50:32","modified_gmt":"2025-10-20T15:50:32","slug":"la-senalizacion-un-pilar-estrategico-en-la-arquitectura-de-marca","status":"publish","type":"post","link":"https:\/\/oupenmaind.com\/ar\/la-senalizacion-un-pilar-estrategico-en-la-arquitectura-de-marca\/","title":{"rendered":"La Se\u00f1alizaci\u00f3n: Un Pilar Estrat\u00e9gico en la Arquitectura de Marca"},"content":{"rendered":"\t\t<div data-elementor-type=\"wp-post\" data-elementor-id=\"3105\" class=\"elementor elementor-3105\" data-elementor-post-type=\"post\">\n\t\t\t\t\t\t<section class=\"elementor-section elementor-top-section elementor-element elementor-element-23863a9 elementor-section-boxed elementor-section-height-default elementor-section-height-default\" data-id=\"23863a9\" data-element_type=\"section\" data-e-type=\"section\">\n\t\t\t\t\t\t<div class=\"elementor-container elementor-column-gap-default\">\n\t\t\t\t\t<div class=\"elementor-column elementor-col-100 elementor-top-column elementor-element elementor-element-99b576b\" data-id=\"99b576b\" data-element_type=\"column\" data-e-type=\"column\">\n\t\t\t<div class=\"elementor-widget-wrap elementor-element-populated\">\n\t\t\t\t\t\t<div class=\"elementor-element elementor-element-3da0128 elementor-widget elementor-widget-text-editor\" data-id=\"3da0128\" data-element_type=\"widget\" data-e-type=\"widget\" data-widget_type=\"text-editor.default\">\n\t\t\t\t<div class=\"elementor-widget-container\">\n\t\t\t\t\t\t\t\t\t<p>En el universo del <b>Branding Estrat\u00e9gico<\/b>, cada elemento visual en una empresa es una oportunidad para comunicar valor, eficiencia e identidad. Dentro de los espacios f\u00edsicos \u2014oficinas, bodegas, plantas de producci\u00f3n o <i>retail<\/i>\u2014 la se\u00f1alizaci\u00f3n deja de ser un simple indicativo para convertirse en una herramienta de gesti\u00f3n crucial y un potente refuerzo de la marca.<\/p><p>En <b>OUPENMAIND<\/b>, entendemos que la se\u00f1alizaci\u00f3n empresarial se articula en torno a dos ejes inseparables: la <b>seguridad normativa<\/b> y la <b>comunicaci\u00f3n corporativa personalizada<\/b>. Analicemos c\u00f3mo estos sistemas se integran para crear entornos seguros, eficientes y coherentes con el sistema gr\u00e1fico de su organizaci\u00f3n.<\/p><h3>1. Se\u00f1alizaci\u00f3n de Seguridad: El Lenguaje Universal del Cumplimiento.<\/h3><p>La primera e ineludible funci\u00f3n de la se\u00f1alizaci\u00f3n es salvaguardar la vida y la integridad de las personas. La se\u00f1alizaci\u00f3n de seguridad est\u00e1 estrictamente regulada por c\u00f3digos internacionales y nacionales (como ISO o normativas locales) que estandarizan colores, formas y pictogramas.<\/p><p>Esta estandarizaci\u00f3n es vital: garantiza que una se\u00f1al de peligro, una ruta de evacuaci\u00f3n o la ubicaci\u00f3n de un equipo contra incendios sea comprendida al instante, independientemente del idioma o la experiencia del observador. Los sistemas de seguridad normados incluyen:<\/p><p><img fetchpriority=\"high\" decoding=\"async\" class=\"alignleft wp-image-2958\" src=\"http:\/\/oupenmaind.com\/ec\/wp-content\/uploads\/2025\/10\/seguridad-300x300.jpg\" alt=\"\" width=\"280\" height=\"280\" \/><\/p><ul><li><p><b>Prohibici\u00f3n (C\u00edrculos Rojos):<\/b> Acciones no permitidas (ej. \u00abNo pasar\u00bb).<\/p><\/li><li><p><b>Obligaci\u00f3n (C\u00edrculos Azules):<\/b> Comportamiento requerido (ej. \u00abUso obligatorio de EPP\u00bb).<\/p><\/li><li><p><b>Advertencia (Tri\u00e1ngulos Amarillos):<\/b> Precauciones ante peligros (ej. \u00abRiesgo el\u00e9ctrico\u00bb).<\/p><\/li><li><p><b>Salvamento y Socorro (Cuadrados Verdes):<\/b> V\u00edas de escape y primeros auxilios.<\/p><\/li><\/ul><p>Como expertos, en <b>OUPENMAIND<\/b> garantizamos que estos elementos se dise\u00f1en, produzcan e instalen cumpliendo a cabalidad con la normativa vigente, utilizando materiales de alta durabilidad y visibilidad, esenciales para la gesti\u00f3n de riesgos y la <b>tranquilidad operativa<\/b>.<\/p><p>\u00a0<\/p><h3>2. Se\u00f1alizaci\u00f3n de Comunicaci\u00f3n Interna: La Identidad en Tres Dimensiones.<\/h3><p>Si la seguridad habla de normativas, la comunicaci\u00f3n interna habla de su <b>identidad corporativa<\/b>. Esta categor\u00eda es donde el sistema gr\u00e1fico de su marca cobra vida y se extiende a los espacios f\u00edsicos de trabajo.<\/p><p>Para departamentos, oficinas, salas de reuni\u00f3n o bodegas, la se\u00f1alizaci\u00f3n personalizada es indispensable para:<\/p><ul><li><b>Optimizar la Navegaci\u00f3n (<i>Wayfinding<\/i>):<\/b> Facilitar la orientaci\u00f3n de empleados, visitantes y proveedores, reduciendo la fricci\u00f3n y mejorando la percepci\u00f3n de orden y profesionalismo.<\/li><li><p><b>Reforzar el Branding:<\/b> Utilizar tipograf\u00edas, colores de acento y logotipos de manera sutil pero consistente en placas de identificaci\u00f3n, directorios y elementos decorativos.<\/p><\/li><li><p><b>Segmentar y Organizar:<\/b> Identificar claramente \u00e1reas espec\u00edficas (producci\u00f3n, log\u00edstica, <i>marketing<\/i>), mejorando la eficiencia del flujo de trabajo.<\/p><\/li><li><p><b>Fomentar la Cultura Corporativa:<\/b> Las se\u00f1ales pueden ir m\u00e1s all\u00e1 de la informaci\u00f3n b\u00e1sica para incluir mensajes inspiradores, valores de la empresa o hitos importantes, contribuyendo a crear un ambiente de trabajo positivo y a reforzar el sentido de pertenencia.<\/p><\/li><li><p><b>Mejorar la Experiencia del Usuario (UX):<\/b> Una se\u00f1alizaci\u00f3n bien pensada en espacios de espera, recepci\u00f3n o \u00e1reas comunes puede influir positivamente en la percepci\u00f3n de clientes y colaboradores, haciendo que su interacci\u00f3n con el espacio sea m\u00e1s agradable y eficiente.<\/p><\/li><\/ul><p><img decoding=\"async\" class=\"alignleft wp-image-2960\" src=\"http:\/\/oupenmaind.com\/ec\/wp-content\/uploads\/2025\/10\/Gemini_Generated_Image_htdux5htdux5htdu-300x300.png\" alt=\"\" width=\"450\" height=\"450\" \/><\/p><p>En <b>OUPENMAIND<\/b>, no solo producimos letreros; dise\u00f1amos soluciones gr\u00e1ficas que se integran arquitect\u00f3nicamente. Esto incluye <b>letreros corp\u00f3reos, vinilos decorativos, exhibidores<\/b> y sistemas de informaci\u00f3n modulares que se alinean perfectamente con la estrategia de marca, garantizando un impacto visual <i>premium<\/i>.<\/p><p>Esta visi\u00f3n integral de la se\u00f1alizaci\u00f3n la posiciona como una inversi\u00f3n estrat\u00e9gica, no un simple gasto operativo. Al dise\u00f1ar sistemas gr\u00e1ficos que gu\u00edan, protegen y cuentan la historia de la marca, las empresas logran una <b>conexi\u00f3n m\u00e1s profunda<\/b> con su personal y sus clientes. La se\u00f1al\u00e9tica se convierte, as\u00ed, en un activo tangible que impulsa la <b>productividad<\/b> y consolida la <b>imagen corporativa<\/b>.<\/p><p>\u00a0<\/p><h3>OUPENMAIND: Dise\u00f1o, Producci\u00f3n e Instalaci\u00f3n, 360\u00ba<\/h3><p>La diferencia entre una se\u00f1al\u00e9tica funcional y una estrat\u00e9gica radica en el proceso de integraci\u00f3n.<\/p><p>Nuestro valor como agencia radica en ofrecer un servicio completo: desde la <b>consultor\u00eda estrat\u00e9gica<\/b> para definir la ubicaci\u00f3n y tipo de se\u00f1al, el <b>dise\u00f1o gr\u00e1fico<\/b> que respeta la identidad de marca, la <b>producci\u00f3n<\/b> con la m\u00e1s alta calidad de materiales, hasta la <b>instalaci\u00f3n<\/b> profesional en sus instalaciones.<\/p><p>Permita que <b>OUPENMAIND<\/b> transforme sus espacios de trabajo en entornos seguros, eficientes y que comuniquen la excelencia de su marca en cada detalle.<\/p><p><b>\u00bfListo para integrar su identidad corporativa con una se\u00f1alizaci\u00f3n de clase mundial? Cont\u00e1ctenos.<\/b><\/p>\t\t\t\t\t\t\t\t<\/div>\n\t\t\t\t<\/div>\n\t\t\t\t\t<\/div>\n\t\t<\/div>\n\t\t\t\t\t<\/div>\n\t\t<\/section>\n\t\t\t\t<\/div>\n\t\t","protected":false},"excerpt":{"rendered":"<p>En el universo del Branding Estrat\u00e9gico, cada elemento visual en una empresa es una oportunidad para comunicar valor, eficiencia e identidad. Dentro de los espacios f\u00edsicos \u2014oficinas, bodegas, plantas de producci\u00f3n o retail\u2014 la se\u00f1alizaci\u00f3n deja de ser un simple indicativo para convertirse en una herramienta de gesti\u00f3n crucial y un potente refuerzo de la&#8230;<\/p>\n","protected":false},"author":1,"featured_media":3113,"comment_status":"open","ping_status":"open","sticky":false,"template":"","format":"standard","meta":{"_kadence_starter_templates_imported_post":false,"_kad_post_transparent":"","_kad_post_title":"","_kad_post_layout":"","_kad_post_sidebar_id":"","_kad_post_content_style":"","_kad_post_vertical_padding":"","_kad_post_feature":"","_kad_post_feature_position":"","_kad_post_header":false,"_kad_post_footer":false,"_kad_post_classname":"","footnotes":""},"categories":[1],"tags":[],"class_list":["post-3105","post","type-post","status-publish","format-standard","has-post-thumbnail","hentry","category-sin-categoria"],"yoast_head":"<!-- This site is optimized with the Yoast SEO plugin v27.5 - https:\/\/yoast.com\/product\/yoast-seo-wordpress\/ -->\n<title>La Se\u00f1alizaci\u00f3n: Un Pilar Estrat\u00e9gico en la Arquitectura de Marca - Oupenmaind Argentina.<\/title>\n<meta name=\"robots\" content=\"index, follow, max-snippet:-1, max-image-preview:large, max-video-preview:-1\" \/>\n<link rel=\"canonical\" href=\"https:\/\/oupenmaind.com\/ar\/la-senalizacion-un-pilar-estrategico-en-la-arquitectura-de-marca\/\" \/>\n<meta property=\"og:locale\" content=\"es_ES\" \/>\n<meta property=\"og:type\" content=\"article\" \/>\n<meta property=\"og:title\" content=\"La Se\u00f1alizaci\u00f3n: Un Pilar Estrat\u00e9gico en la Arquitectura de Marca - Oupenmaind Argentina.\" \/>\n<meta property=\"og:description\" content=\"En el universo del Branding Estrat\u00e9gico, cada elemento visual en una empresa es una oportunidad para comunicar valor, eficiencia e identidad. Dentro de los espacios f\u00edsicos \u2014oficinas, bodegas, plantas de producci\u00f3n o retail\u2014 la se\u00f1alizaci\u00f3n deja de ser un simple indicativo para convertirse en una herramienta de gesti\u00f3n crucial y un potente refuerzo de la...\" \/>\n<meta property=\"og:url\" content=\"https:\/\/oupenmaind.com\/ar\/la-senalizacion-un-pilar-estrategico-en-la-arquitectura-de-marca\/\" \/>\n<meta property=\"og:site_name\" content=\"Oupenmaind Argentina.\" \/>\n<meta property=\"article:publisher\" content=\"https:\/\/www.facebook.com\/oupenmaind\" \/>\n<meta property=\"article:published_time\" content=\"2025-10-20T15:48:54+00:00\" \/>\n<meta property=\"article:modified_time\" content=\"2025-10-20T15:50:32+00:00\" \/>\n<meta property=\"og:image\" content=\"https:\/\/oupenmaind.com\/ar\/wp-content\/uploads\/2025\/10\/senalizacion-trabajo.webp\" \/>\n\t<meta property=\"og:image:width\" content=\"1920\" \/>\n\t<meta property=\"og:image:height\" content=\"1440\" \/>\n\t<meta property=\"og:image:type\" content=\"image\/webp\" \/>\n<meta name=\"author\" content=\"admin\" \/>\n<meta name=\"twitter:card\" content=\"summary_large_image\" \/>\n<meta name=\"twitter:creator\" content=\"@Oupenmaind_DG\" \/>\n<meta name=\"twitter:site\" content=\"@Oupenmaind_DG\" \/>\n<meta name=\"twitter:label1\" content=\"Escrito por\" \/>\n\t<meta name=\"twitter:data1\" content=\"admin\" \/>\n\t<meta name=\"twitter:label2\" content=\"Tiempo de lectura\" \/>\n\t<meta name=\"twitter:data2\" content=\"4 minutos\" \/>\n<script type=\"application\/ld+json\" class=\"yoast-schema-graph\">{\"@context\":\"https:\\\/\\\/schema.org\",\"@graph\":[{\"@type\":\"Article\",\"@id\":\"https:\\\/\\\/oupenmaind.com\\\/ar\\\/la-senalizacion-un-pilar-estrategico-en-la-arquitectura-de-marca\\\/#article\",\"isPartOf\":{\"@id\":\"https:\\\/\\\/oupenmaind.com\\\/ar\\\/la-senalizacion-un-pilar-estrategico-en-la-arquitectura-de-marca\\\/\"},\"author\":{\"name\":\"admin\",\"@id\":\"https:\\\/\\\/oupenmaind.com\\\/ar\\\/#\\\/schema\\\/person\\\/ee1f3fe5ffd40d1f9e2b28af337af9d9\"},\"headline\":\"La Se\u00f1alizaci\u00f3n: Un Pilar Estrat\u00e9gico en la Arquitectura de Marca\",\"datePublished\":\"2025-10-20T15:48:54+00:00\",\"dateModified\":\"2025-10-20T15:50:32+00:00\",\"mainEntityOfPage\":{\"@id\":\"https:\\\/\\\/oupenmaind.com\\\/ar\\\/la-senalizacion-un-pilar-estrategico-en-la-arquitectura-de-marca\\\/\"},\"wordCount\":780,\"commentCount\":0,\"publisher\":{\"@id\":\"https:\\\/\\\/oupenmaind.com\\\/ar\\\/#organization\"},\"image\":{\"@id\":\"https:\\\/\\\/oupenmaind.com\\\/ar\\\/la-senalizacion-un-pilar-estrategico-en-la-arquitectura-de-marca\\\/#primaryimage\"},\"thumbnailUrl\":\"https:\\\/\\\/oupenmaind.com\\\/ar\\\/wp-content\\\/uploads\\\/2025\\\/10\\\/senalizacion-trabajo.webp\",\"inLanguage\":\"es\",\"potentialAction\":[{\"@type\":\"CommentAction\",\"name\":\"Comment\",\"target\":[\"https:\\\/\\\/oupenmaind.com\\\/ar\\\/la-senalizacion-un-pilar-estrategico-en-la-arquitectura-de-marca\\\/#respond\"]}]},{\"@type\":\"WebPage\",\"@id\":\"https:\\\/\\\/oupenmaind.com\\\/ar\\\/la-senalizacion-un-pilar-estrategico-en-la-arquitectura-de-marca\\\/\",\"url\":\"https:\\\/\\\/oupenmaind.com\\\/ar\\\/la-senalizacion-un-pilar-estrategico-en-la-arquitectura-de-marca\\\/\",\"name\":\"La Se\u00f1alizaci\u00f3n: Un Pilar Estrat\u00e9gico en la Arquitectura de Marca - Oupenmaind Argentina.\",\"isPartOf\":{\"@id\":\"https:\\\/\\\/oupenmaind.com\\\/ar\\\/#website\"},\"primaryImageOfPage\":{\"@id\":\"https:\\\/\\\/oupenmaind.com\\\/ar\\\/la-senalizacion-un-pilar-estrategico-en-la-arquitectura-de-marca\\\/#primaryimage\"},\"image\":{\"@id\":\"https:\\\/\\\/oupenmaind.com\\\/ar\\\/la-senalizacion-un-pilar-estrategico-en-la-arquitectura-de-marca\\\/#primaryimage\"},\"thumbnailUrl\":\"https:\\\/\\\/oupenmaind.com\\\/ar\\\/wp-content\\\/uploads\\\/2025\\\/10\\\/senalizacion-trabajo.webp\",\"datePublished\":\"2025-10-20T15:48:54+00:00\",\"dateModified\":\"2025-10-20T15:50:32+00:00\",\"breadcrumb\":{\"@id\":\"https:\\\/\\\/oupenmaind.com\\\/ar\\\/la-senalizacion-un-pilar-estrategico-en-la-arquitectura-de-marca\\\/#breadcrumb\"},\"inLanguage\":\"es\",\"potentialAction\":[{\"@type\":\"ReadAction\",\"target\":[\"https:\\\/\\\/oupenmaind.com\\\/ar\\\/la-senalizacion-un-pilar-estrategico-en-la-arquitectura-de-marca\\\/\"]}]},{\"@type\":\"ImageObject\",\"inLanguage\":\"es\",\"@id\":\"https:\\\/\\\/oupenmaind.com\\\/ar\\\/la-senalizacion-un-pilar-estrategico-en-la-arquitectura-de-marca\\\/#primaryimage\",\"url\":\"https:\\\/\\\/oupenmaind.com\\\/ar\\\/wp-content\\\/uploads\\\/2025\\\/10\\\/senalizacion-trabajo.webp\",\"contentUrl\":\"https:\\\/\\\/oupenmaind.com\\\/ar\\\/wp-content\\\/uploads\\\/2025\\\/10\\\/senalizacion-trabajo.webp\",\"width\":1920,\"height\":1440},{\"@type\":\"BreadcrumbList\",\"@id\":\"https:\\\/\\\/oupenmaind.com\\\/ar\\\/la-senalizacion-un-pilar-estrategico-en-la-arquitectura-de-marca\\\/#breadcrumb\",\"itemListElement\":[{\"@type\":\"ListItem\",\"position\":1,\"name\":\"Portada\",\"item\":\"https:\\\/\\\/oupenmaind.com\\\/ar\\\/\"},{\"@type\":\"ListItem\",\"position\":2,\"name\":\"La Se\u00f1alizaci\u00f3n: Un Pilar Estrat\u00e9gico en la Arquitectura de Marca\"}]},{\"@type\":\"WebSite\",\"@id\":\"https:\\\/\\\/oupenmaind.com\\\/ar\\\/#website\",\"url\":\"https:\\\/\\\/oupenmaind.com\\\/ar\\\/\",\"name\":\"Oupenmaind Ecuador\",\"description\":\"Dise\u00f1o &amp; Publicidad\",\"publisher\":{\"@id\":\"https:\\\/\\\/oupenmaind.com\\\/ar\\\/#organization\"},\"potentialAction\":[{\"@type\":\"SearchAction\",\"target\":{\"@type\":\"EntryPoint\",\"urlTemplate\":\"https:\\\/\\\/oupenmaind.com\\\/ar\\\/?s={search_term_string}\"},\"query-input\":{\"@type\":\"PropertyValueSpecification\",\"valueRequired\":true,\"valueName\":\"search_term_string\"}}],\"inLanguage\":\"es\"},{\"@type\":\"Organization\",\"@id\":\"https:\\\/\\\/oupenmaind.com\\\/ar\\\/#organization\",\"name\":\"Oupenmaind\",\"url\":\"https:\\\/\\\/oupenmaind.com\\\/ar\\\/\",\"logo\":{\"@type\":\"ImageObject\",\"inLanguage\":\"es\",\"@id\":\"https:\\\/\\\/oupenmaind.com\\\/ar\\\/#\\\/schema\\\/logo\\\/image\\\/\",\"url\":\"https:\\\/\\\/oupenmaind.com\\\/ar\\\/wp-content\\\/uploads\\\/2021\\\/10\\\/Logo.png\",\"contentUrl\":\"https:\\\/\\\/oupenmaind.com\\\/ar\\\/wp-content\\\/uploads\\\/2021\\\/10\\\/Logo.png\",\"width\":1200,\"height\":261,\"caption\":\"Oupenmaind\"},\"image\":{\"@id\":\"https:\\\/\\\/oupenmaind.com\\\/ar\\\/#\\\/schema\\\/logo\\\/image\\\/\"},\"sameAs\":[\"https:\\\/\\\/www.facebook.com\\\/oupenmaind\",\"https:\\\/\\\/x.com\\\/Oupenmaind_DG\",\"https:\\\/\\\/www.instagram.com\\\/oupenmaind\\\/\"]},{\"@type\":\"Person\",\"@id\":\"https:\\\/\\\/oupenmaind.com\\\/ar\\\/#\\\/schema\\\/person\\\/ee1f3fe5ffd40d1f9e2b28af337af9d9\",\"name\":\"admin\",\"image\":{\"@type\":\"ImageObject\",\"inLanguage\":\"es\",\"@id\":\"https:\\\/\\\/secure.gravatar.com\\\/avatar\\\/4fa9dd338207be56559e1b63904b9849550824c066947313f5e6fb7783cd442a?s=96&d=mm&r=g\",\"url\":\"https:\\\/\\\/secure.gravatar.com\\\/avatar\\\/4fa9dd338207be56559e1b63904b9849550824c066947313f5e6fb7783cd442a?s=96&d=mm&r=g\",\"contentUrl\":\"https:\\\/\\\/secure.gravatar.com\\\/avatar\\\/4fa9dd338207be56559e1b63904b9849550824c066947313f5e6fb7783cd442a?s=96&d=mm&r=g\",\"caption\":\"admin\"},\"sameAs\":[\"https:\\\/\\\/oupenmaind.com\\\/ar\"]}]}<\/script>\n<!-- \/ Yoast SEO plugin. -->","yoast_head_json":{"title":"La Se\u00f1alizaci\u00f3n: Un Pilar Estrat\u00e9gico en la Arquitectura de Marca - Oupenmaind Argentina.","robots":{"index":"index","follow":"follow","max-snippet":"max-snippet:-1","max-image-preview":"max-image-preview:large","max-video-preview":"max-video-preview:-1"},"canonical":"https:\/\/oupenmaind.com\/ar\/la-senalizacion-un-pilar-estrategico-en-la-arquitectura-de-marca\/","og_locale":"es_ES","og_type":"article","og_title":"La Se\u00f1alizaci\u00f3n: Un Pilar Estrat\u00e9gico en la Arquitectura de Marca - Oupenmaind Argentina.","og_description":"En el universo del Branding Estrat\u00e9gico, cada elemento visual en una empresa es una oportunidad para comunicar valor, eficiencia e identidad. Dentro de los espacios f\u00edsicos \u2014oficinas, bodegas, plantas de producci\u00f3n o retail\u2014 la se\u00f1alizaci\u00f3n deja de ser un simple indicativo para convertirse en una herramienta de gesti\u00f3n crucial y un potente refuerzo de la...","og_url":"https:\/\/oupenmaind.com\/ar\/la-senalizacion-un-pilar-estrategico-en-la-arquitectura-de-marca\/","og_site_name":"Oupenmaind Argentina.","article_publisher":"https:\/\/www.facebook.com\/oupenmaind","article_published_time":"2025-10-20T15:48:54+00:00","article_modified_time":"2025-10-20T15:50:32+00:00","og_image":[{"width":1920,"height":1440,"url":"https:\/\/oupenmaind.com\/ar\/wp-content\/uploads\/2025\/10\/senalizacion-trabajo.webp","type":"image\/webp"}],"author":"admin","twitter_card":"summary_large_image","twitter_creator":"@Oupenmaind_DG","twitter_site":"@Oupenmaind_DG","twitter_misc":{"Escrito por":"admin","Tiempo de lectura":"4 minutos"},"schema":{"@context":"https:\/\/schema.org","@graph":[{"@type":"Article","@id":"https:\/\/oupenmaind.com\/ar\/la-senalizacion-un-pilar-estrategico-en-la-arquitectura-de-marca\/#article","isPartOf":{"@id":"https:\/\/oupenmaind.com\/ar\/la-senalizacion-un-pilar-estrategico-en-la-arquitectura-de-marca\/"},"author":{"name":"admin","@id":"https:\/\/oupenmaind.com\/ar\/#\/schema\/person\/ee1f3fe5ffd40d1f9e2b28af337af9d9"},"headline":"La Se\u00f1alizaci\u00f3n: Un Pilar Estrat\u00e9gico en la Arquitectura de Marca","datePublished":"2025-10-20T15:48:54+00:00","dateModified":"2025-10-20T15:50:32+00:00","mainEntityOfPage":{"@id":"https:\/\/oupenmaind.com\/ar\/la-senalizacion-un-pilar-estrategico-en-la-arquitectura-de-marca\/"},"wordCount":780,"commentCount":0,"publisher":{"@id":"https:\/\/oupenmaind.com\/ar\/#organization"},"image":{"@id":"https:\/\/oupenmaind.com\/ar\/la-senalizacion-un-pilar-estrategico-en-la-arquitectura-de-marca\/#primaryimage"},"thumbnailUrl":"https:\/\/oupenmaind.com\/ar\/wp-content\/uploads\/2025\/10\/senalizacion-trabajo.webp","inLanguage":"es","potentialAction":[{"@type":"CommentAction","name":"Comment","target":["https:\/\/oupenmaind.com\/ar\/la-senalizacion-un-pilar-estrategico-en-la-arquitectura-de-marca\/#respond"]}]},{"@type":"WebPage","@id":"https:\/\/oupenmaind.com\/ar\/la-senalizacion-un-pilar-estrategico-en-la-arquitectura-de-marca\/","url":"https:\/\/oupenmaind.com\/ar\/la-senalizacion-un-pilar-estrategico-en-la-arquitectura-de-marca\/","name":"La Se\u00f1alizaci\u00f3n: Un Pilar Estrat\u00e9gico en la Arquitectura de Marca - Oupenmaind Argentina.","isPartOf":{"@id":"https:\/\/oupenmaind.com\/ar\/#website"},"primaryImageOfPage":{"@id":"https:\/\/oupenmaind.com\/ar\/la-senalizacion-un-pilar-estrategico-en-la-arquitectura-de-marca\/#primaryimage"},"image":{"@id":"https:\/\/oupenmaind.com\/ar\/la-senalizacion-un-pilar-estrategico-en-la-arquitectura-de-marca\/#primaryimage"},"thumbnailUrl":"https:\/\/oupenmaind.com\/ar\/wp-content\/uploads\/2025\/10\/senalizacion-trabajo.webp","datePublished":"2025-10-20T15:48:54+00:00","dateModified":"2025-10-20T15:50:32+00:00","breadcrumb":{"@id":"https:\/\/oupenmaind.com\/ar\/la-senalizacion-un-pilar-estrategico-en-la-arquitectura-de-marca\/#breadcrumb"},"inLanguage":"es","potentialAction":[{"@type":"ReadAction","target":["https:\/\/oupenmaind.com\/ar\/la-senalizacion-un-pilar-estrategico-en-la-arquitectura-de-marca\/"]}]},{"@type":"ImageObject","inLanguage":"es","@id":"https:\/\/oupenmaind.com\/ar\/la-senalizacion-un-pilar-estrategico-en-la-arquitectura-de-marca\/#primaryimage","url":"https:\/\/oupenmaind.com\/ar\/wp-content\/uploads\/2025\/10\/senalizacion-trabajo.webp","contentUrl":"https:\/\/oupenmaind.com\/ar\/wp-content\/uploads\/2025\/10\/senalizacion-trabajo.webp","width":1920,"height":1440},{"@type":"BreadcrumbList","@id":"https:\/\/oupenmaind.com\/ar\/la-senalizacion-un-pilar-estrategico-en-la-arquitectura-de-marca\/#breadcrumb","itemListElement":[{"@type":"ListItem","position":1,"name":"Portada","item":"https:\/\/oupenmaind.com\/ar\/"},{"@type":"ListItem","position":2,"name":"La Se\u00f1alizaci\u00f3n: Un Pilar Estrat\u00e9gico en la Arquitectura de Marca"}]},{"@type":"WebSite","@id":"https:\/\/oupenmaind.com\/ar\/#website","url":"https:\/\/oupenmaind.com\/ar\/","name":"Oupenmaind Ecuador","description":"Dise\u00f1o &amp; Publicidad","publisher":{"@id":"https:\/\/oupenmaind.com\/ar\/#organization"},"potentialAction":[{"@type":"SearchAction","target":{"@type":"EntryPoint","urlTemplate":"https:\/\/oupenmaind.com\/ar\/?s={search_term_string}"},"query-input":{"@type":"PropertyValueSpecification","valueRequired":true,"valueName":"search_term_string"}}],"inLanguage":"es"},{"@type":"Organization","@id":"https:\/\/oupenmaind.com\/ar\/#organization","name":"Oupenmaind","url":"https:\/\/oupenmaind.com\/ar\/","logo":{"@type":"ImageObject","inLanguage":"es","@id":"https:\/\/oupenmaind.com\/ar\/#\/schema\/logo\/image\/","url":"https:\/\/oupenmaind.com\/ar\/wp-content\/uploads\/2021\/10\/Logo.png","contentUrl":"https:\/\/oupenmaind.com\/ar\/wp-content\/uploads\/2021\/10\/Logo.png","width":1200,"height":261,"caption":"Oupenmaind"},"image":{"@id":"https:\/\/oupenmaind.com\/ar\/#\/schema\/logo\/image\/"},"sameAs":["https:\/\/www.facebook.com\/oupenmaind","https:\/\/x.com\/Oupenmaind_DG","https:\/\/www.instagram.com\/oupenmaind\/"]},{"@type":"Person","@id":"https:\/\/oupenmaind.com\/ar\/#\/schema\/person\/ee1f3fe5ffd40d1f9e2b28af337af9d9","name":"admin","image":{"@type":"ImageObject","inLanguage":"es","@id":"https:\/\/secure.gravatar.com\/avatar\/4fa9dd338207be56559e1b63904b9849550824c066947313f5e6fb7783cd442a?s=96&d=mm&r=g","url":"https:\/\/secure.gravatar.com\/avatar\/4fa9dd338207be56559e1b63904b9849550824c066947313f5e6fb7783cd442a?s=96&d=mm&r=g","contentUrl":"https:\/\/secure.gravatar.com\/avatar\/4fa9dd338207be56559e1b63904b9849550824c066947313f5e6fb7783cd442a?s=96&d=mm&r=g","caption":"admin"},"sameAs":["https:\/\/oupenmaind.com\/ar"]}]}},"_links":{"self":[{"href":"https:\/\/oupenmaind.com\/ar\/wp-json\/wp\/v2\/posts\/3105","targetHints":{"allow":["GET"]}}],"collection":[{"href":"https:\/\/oupenmaind.com\/ar\/wp-json\/wp\/v2\/posts"}],"about":[{"href":"https:\/\/oupenmaind.com\/ar\/wp-json\/wp\/v2\/types\/post"}],"author":[{"embeddable":true,"href":"https:\/\/oupenmaind.com\/ar\/wp-json\/wp\/v2\/users\/1"}],"replies":[{"embeddable":true,"href":"https:\/\/oupenmaind.com\/ar\/wp-json\/wp\/v2\/comments?post=3105"}],"version-history":[{"count":7,"href":"https:\/\/oupenmaind.com\/ar\/wp-json\/wp\/v2\/posts\/3105\/revisions"}],"predecessor-version":[{"id":3112,"href":"https:\/\/oupenmaind.com\/ar\/wp-json\/wp\/v2\/posts\/3105\/revisions\/3112"}],"wp:featuredmedia":[{"embeddable":true,"href":"https:\/\/oupenmaind.com\/ar\/wp-json\/wp\/v2\/media\/3113"}],"wp:attachment":[{"href":"https:\/\/oupenmaind.com\/ar\/wp-json\/wp\/v2\/media?parent=3105"}],"wp:term":[{"taxonomy":"category","embeddable":true,"href":"https:\/\/oupenmaind.com\/ar\/wp-json\/wp\/v2\/categories?post=3105"},{"taxonomy":"post_tag","embeddable":true,"href":"https:\/\/oupenmaind.com\/ar\/wp-json\/wp\/v2\/tags?post=3105"}],"curies":[{"name":"wp","href":"https:\/\/api.w.org\/{rel}","templated":true}]}}